{"id":1229,"date":"2017-02-07T20:57:01","date_gmt":"2017-02-07T20:57:01","guid":{"rendered":"http:\/\/hilanderadesue\u00f1os.com\/?p=1229"},"modified":"2017-12-22T06:36:03","modified_gmt":"2017-12-22T06:36:03","slug":"que-es-la-pedagogia-de-emergencia","status":"publish","type":"post","link":"http:\/\/hilanderadesue\u00f1os.com\/?p=1229","title":{"rendered":"\u00bfQu\u00e9 es la Pedagog\u00eda de Emergencia?"},"content":{"rendered":"<h4 style=\"text-align: center;\"><a href=\"http:\/\/hilanderadesue\u00f1os.com\/?p=1229\"><span style=\"color: #993300;\">Una necesidad, una oportunidad<\/span><\/a><\/h4>\n<p style=\"text-align: justify;\">Despu\u00e9s de un fin de semana muy intenso en el que he tenido la suerte de asistir al primer encuentro que se ha realizado en Espa\u00f1a de Pedagog\u00eda de Emergencia a cargo de Bernd Ruf y organizado por <span style=\"color: #333333;\">Diana Tessari<\/span>,<span style=\"color: #333333;\"> Tamara Chubarovsky <\/span>y un gran equipo, os traigo esta reflexi\u00f3n.<\/p>\n<p style=\"text-align: justify;\">M\u00e1s de un centenar de personas hemos podido conocer de primera mano las experiencias vividas por el pedagogo Bernd Ruf, en situaciones de emergencia, en el que adem\u00e1s de los cuidados f\u00edsicos, eran necesario aplicar los m\u00e9todos pedag\u00f3gicos adecuados para poder acompa\u00f1ar de la manera m\u00e1s \u00f3ptima a ni\u00f1os en momentos de shock o en las primeras etapas de un trauma.<!--more--><\/p>\n<p style=\"text-align: justify;\"><img decoding=\"async\" loading=\"lazy\" class=\"alignleft wp-image-1234 size-medium\" src=\"http:\/\/xn--hilanderadesueos-kub.com\/wp-content\/uploads\/2017\/02\/IMG_9864-e1486500507810-224x300.jpg\" alt=\"IMG_9864\" width=\"224\" height=\"300\" srcset=\"http:\/\/xn--hilanderadesueos-kub.com\/wp-content\/uploads\/2017\/02\/IMG_9864-e1486500507810-224x300.jpg 224w, http:\/\/xn--hilanderadesueos-kub.com\/wp-content\/uploads\/2017\/02\/IMG_9864-e1486500507810.jpg 315w\" sizes=\"(max-width: 224px) 100vw, 224px\" \/>Es por medio de los m\u00e9todos aplicados en la pedagog\u00eda Waldorf, que Bernd Ruf empez\u00f3 a investigar y estudiar los beneficios y la manera de aplicarlo. Con la ayuda y colaboraci\u00f3n de Maestros y Pedagogos especializados, junto con los medios sanitarios y psicosociales ayudar\u00e1 a evitar enfermedades posteriores en las que podr\u00edan derivar estas experiencias si no se tratan a tiempo de manera adecuada.<\/p>\n<p style=\"text-align: justify;\">Durante estos tres d\u00edas nos hemos impregnado de realidades que cada d\u00eda se viven en todo el mundo pero que sin necesidad de presenciar una cat\u00e1strofe natural o una guerra, tambi\u00e9n podemos encontrarnos y vivir cada uno de nosotros en cualquier momento. De ah\u00ed la importancia de estar preparados y tener los recursos necesarios para poder gestionarlo de la manera m\u00e1s higi\u00e9nica posible, no solo a nivel f\u00edsico sino tambi\u00e9n a nivel an\u00edmico espiritual, pudiendo evitar que la persona quede da\u00f1ada para siempre.<\/p>\n<p><img decoding=\"async\" loading=\"lazy\" class=\"alignright wp-image-1254 size-medium\" src=\"http:\/\/xn--hilanderadesueos-kub.com\/wp-content\/uploads\/2017\/02\/Captura-de-pantalla-2017-02-07-a-las-23.30.36-203x300.png\" alt=\"Captura de pantalla 2017-02-07 a las 23.30.36\" width=\"203\" height=\"300\" srcset=\"http:\/\/xn--hilanderadesueos-kub.com\/wp-content\/uploads\/2017\/02\/Captura-de-pantalla-2017-02-07-a-las-23.30.36-203x300.png 203w, http:\/\/xn--hilanderadesueos-kub.com\/wp-content\/uploads\/2017\/02\/Captura-de-pantalla-2017-02-07-a-las-23.30.36.png 621w\" sizes=\"(max-width: 203px) 100vw, 203px\" \/>Para ello <span style=\"color: #993300;\"><a style=\"color: #993300;\" href=\"https:\/\/vimeo.com\/94070712\">Bernd Ruf<\/a><\/span>, creador de la <span style=\"color: #993300;\"><a style=\"color: #993300;\" href=\"http:\/\/www.freunde-waldorf.de\/notfallpaedagogik.html\">Pedagog\u00eda de Emergencia<\/a><\/span>, maestro y pedagogo fundador del Centro Escolar Parcival, desde hace a\u00f1os, ha creado en Kalsruhe (Alemania), su lugar de origen, un centro donde acoger y ayudar a ni\u00f1os en estas circunstancias, donde poder reconstruir el lugar seguro que un d\u00eda perdieron y volver a recuperar su equilibrio. All\u00ed cuenta con un equipo multidisciplinar de maestros, arteterapeutas, m\u00e9dicos, psic\u00f3logos y especialistas para poder llevar a cabo esta misi\u00f3n cada d\u00eda.<\/p>\n<p>Adem\u00e1s, esta disciplina de Pedagog\u00eda de emergencia, se ha empezado ya a dar a conocer por otros pa\u00edses de Europa y latinoam\u00e9rica, donde ya lleva tiempo poni\u00e9ndose en marcha. Aqu\u00ed en Espa\u00f1a, gracias a <span style=\"color: #993300;\"><a style=\"color: #993300;\" href=\"https:\/\/www.facebook.com\/diana.tessari\">Diana<\/a><\/span>, <span style=\"color: #993300;\"><a style=\"color: #993300;\" href=\"http:\/\/www.vozymovimiento.com\/pedagogia-de-emergencia\/\">Tamara<\/a><\/span> y su equipo que nos lo han acercado, ya se est\u00e1 empezando a crear un grupo con el que empezar a formarlo y trabajar.<\/p>\n<p style=\"text-align: justify;\"><a href=\"http:\/\/xn--hilanderadesueos-kub.com\/wp-content\/uploads\/2017\/02\/IMG_9861.jpg\"><br \/>\n<\/a>Una vez m\u00e1s cobran importancia el ritmo, la m\u00fasica y el movimiento, la expresi\u00f3n art\u00edstica, el arte de la palabra, la comunicaci\u00f3n social, el lugar seguro, tanto en el plano f\u00edsico como en el an\u00edmico espiritual y la alegr\u00eda que acompa\u00f1a todo esto, que consigue despertar en el ni\u00f1o sus propias fuerzas vitales y de curaci\u00f3n necesarias para poder sanar.<\/p>\n<p style=\"text-align: justify;\"><img decoding=\"async\" loading=\"lazy\" class=\"aligncenter wp-image-1232 size-full\" src=\"http:\/\/xn--hilanderadesueos-kub.com\/wp-content\/uploads\/2017\/02\/IMG_9861.jpg\" alt=\"IMG_9861\" width=\"549\" height=\"411\" srcset=\"http:\/\/xn--hilanderadesueos-kub.com\/wp-content\/uploads\/2017\/02\/IMG_9861.jpg 549w, http:\/\/xn--hilanderadesueos-kub.com\/wp-content\/uploads\/2017\/02\/IMG_9861-300x225.jpg 300w, http:\/\/xn--hilanderadesueos-kub.com\/wp-content\/uploads\/2017\/02\/IMG_9861-480x360.jpg 480w\" sizes=\"(max-width: 549px) 100vw, 549px\" \/><\/p>\n<p style=\"text-align: justify;\">Pero despu\u00e9s de andar por tierras movedizas, no quiero terminar llena de barro. Me quedo con lo que para mi es lo m\u00e1s importante de todas las conferencias, que a pesar de toda la dureza y crueldad de estos momentos, tambi\u00e9n pueden llegar a ser, si son bien elaborados, una oportunidad de cambio y de enriquecimiento personal. Un paso m\u00e1s de crecimiento y madurez que cambie la propia biograf\u00eda, cambio que de otro modo posiblemente no se hubiese podido realizar&#8230;o s\u00ed, \u00a1qui\u00e9n sabe!<\/p>\n<p style=\"text-align: justify;\"><a href=\"http:\/\/xn--hilanderadesueos-kub.com\/wp-content\/uploads\/2017\/02\/Captura-de-pantalla-2017-02-07-a-las-23.21.42.png\"><img decoding=\"async\" loading=\"lazy\" class=\"aligncenter wp-image-1251\" src=\"http:\/\/xn--hilanderadesueos-kub.com\/wp-content\/uploads\/2017\/02\/Captura-de-pantalla-2017-02-07-a-las-23.21.42-1024x324.png\" alt=\"Captura de pantalla 2017-02-07 a las 23.21.42\" width=\"700\" height=\"222\" srcset=\"http:\/\/xn--hilanderadesueos-kub.com\/wp-content\/uploads\/2017\/02\/Captura-de-pantalla-2017-02-07-a-las-23.21.42-1024x324.png 1024w, http:\/\/xn--hilanderadesueos-kub.com\/wp-content\/uploads\/2017\/02\/Captura-de-pantalla-2017-02-07-a-las-23.21.42-300x95.png 300w, http:\/\/xn--hilanderadesueos-kub.com\/wp-content\/uploads\/2017\/02\/Captura-de-pantalla-2017-02-07-a-las-23.21.42-768x243.png 768w, http:\/\/xn--hilanderadesueos-kub.com\/wp-content\/uploads\/2017\/02\/Captura-de-pantalla-2017-02-07-a-las-23.21.42-940x298.png 940w, http:\/\/xn--hilanderadesueos-kub.com\/wp-content\/uploads\/2017\/02\/Captura-de-pantalla-2017-02-07-a-las-23.21.42.png 1538w\" sizes=\"(max-width: 700px) 100vw, 700px\" \/><\/a><\/p>\n<p style=\"text-align: center;\">Esta es la <a href=\"http:\/\/ourchants.org\/sites\/default\/files\/34%20River%20Is%20Flowing%20via%20Sara%20Rain_0.m4a\"><span style=\"color: #993300;\">canci\u00f3n<\/span> <\/a>que nos ha acompa\u00f1ado cada d\u00eda al empezar \u00a0las conferencias.<\/p>\n<h5 style=\"text-align: center;\"><span style=\"color: #993300;\">THE RIVER IS FLOWING<\/span><\/h5>\n<h6 style=\"text-align: center;\">The river is flowing, flowing and growing,<br \/>\nthe river is flowing back to the sea.<br \/>\nMother earth carry me, your child I will always be,<br \/>\nmother earth carry me back to the sea.<\/h6>\n<h6 style=\"text-align: center;\">The Moon, she is waiting, waxing and waning<br \/>\nThe Moon, she is waiting, for us to be free.<br \/>\nSister Moon watch over me, a child I will always be.<br \/>\nSister Moon watch over me, until we are free<\/h6>\n<h6 style=\"text-align: center;\">The Sun, he is shining, brightly he\u2019s shining,<br \/>\nThe Sun, he is shining, lightning the way.<br \/>\nFather Sun, shine over me, your child I will always be,<br \/>\nFather Sun, shine over me, until we can see!<\/h6>\n<h6 style=\"text-align: center;\">The Fire is burning, destroying and healing,<br \/>\nThe Fire is burning, for us to be pure.<br \/>\nViolet Flame burn over me, a child I will always be,<br \/>\nViolet Flame burn over me, until we are pure.<\/h6>\n<p style=\"text-align: center;\">Y \u00e9stas son unas palabras muy bonitas con las que terminar la clase.<\/p>\n<h6 style=\"text-align: center;\"><span style=\"color: #993300;\">Despedida<\/span><br \/>\nMi primer quehacer<br \/>\nterminado est\u00e1.<br \/>\nLo que he aprendido<br \/>\nha de reposar.<br \/>\nY que en mi act\u00fae para bien<br \/>\nOtorg\u00e1ndome fuerza<br \/>\nAmor y claridad<br \/>\nY as\u00ed en bendici\u00f3n yo me convierta,<br \/>\nPara los seres humanos y la tierra.<br \/>\n\u00abHasta ma\u00f1ana&#8230;querida clase\u00bb<\/h6>\n","protected":false},"excerpt":{"rendered":"<p>Una necesidad, una oportunidad Despu\u00e9s de un fin de semana muy intenso en el que he tenido la suerte de asistir al primer encuentro que se ha realizado en Espa\u00f1a de Pedagog\u00eda de Emergencia a cargo de Bernd Ruf y organizado por Diana Tessari, Tamara Chubarovsky y un gran equipo, os traigo esta reflexi\u00f3n. M\u00e1s [&hellip;]<\/p>\n","protected":false},"author":3,"featured_media":1233,"comment_status":"open","ping_status":"open","sticky":false,"template":"","format":"standard","meta":[],"categories":[59,78,47,57,48,60],"tags":[],"_links":{"self":[{"href":"http:\/\/hilanderadesue\u00f1os.com\/index.php?rest_route=\/wp\/v2\/posts\/1229"}],"collection":[{"href":"http:\/\/hilanderadesue\u00f1os.com\/index.php?rest_route=\/wp\/v2\/posts"}],"about":[{"href":"http:\/\/hilanderadesue\u00f1os.com\/index.php?rest_route=\/wp\/v2\/types\/post"}],"author":[{"embeddable":true,"href":"http:\/\/hilanderadesue\u00f1os.com\/index.php?rest_route=\/wp\/v2\/users\/3"}],"replies":[{"embeddable":true,"href":"http:\/\/hilanderadesue\u00f1os.com\/index.php?rest_route=%2Fwp%2Fv2%2Fcomments&post=1229"}],"version-history":[{"count":26,"href":"http:\/\/hilanderadesue\u00f1os.com\/index.php?rest_route=\/wp\/v2\/posts\/1229\/revisions"}],"predecessor-version":[{"id":1872,"href":"http:\/\/hilanderadesue\u00f1os.com\/index.php?rest_route=\/wp\/v2\/posts\/1229\/revisions\/1872"}],"wp:featuredmedia":[{"embeddable":true,"href":"http:\/\/hilanderadesue\u00f1os.com\/index.php?rest_route=\/wp\/v2\/media\/1233"}],"wp:attachment":[{"href":"http:\/\/hilanderadesue\u00f1os.com\/index.php?rest_route=%2Fwp%2Fv2%2Fmedia&parent=1229"}],"wp:term":[{"taxonomy":"category","embeddable":true,"href":"http:\/\/hilanderadesue\u00f1os.com\/index.php?rest_route=%2Fwp%2Fv2%2Fcategories&post=1229"},{"taxonomy":"post_tag","embeddable":true,"href":"http:\/\/hilanderadesue\u00f1os.com\/index.php?rest_route=%2Fwp%2Fv2%2Ftags&post=1229"}],"curies":[{"name":"wp","href":"https:\/\/api.w.org\/{rel}","templated":true}]}}