{"id":1262,"date":"2017-02-12T11:17:16","date_gmt":"2017-02-12T11:17:16","guid":{"rendered":"http:\/\/hilanderadesue\u00f1os.com\/?p=1262"},"modified":"2017-12-22T06:35:22","modified_gmt":"2017-12-22T06:35:22","slug":"las-hadas-del-invierno-llegan-a-la-cabana","status":"publish","type":"post","link":"http:\/\/hilanderadesue\u00f1os.com\/?p=1262","title":{"rendered":"Las Hadas del Invierno llegan a la caba\u00f1a"},"content":{"rendered":"<h4 style=\"text-align: center;\"><a href=\"http:\/\/hilanderadesue\u00f1os.com\/?p=1262\"><span style=\"color: #008080;\">Con cada Hada\u00a0se marcha un trocito de mi<\/span><\/a><\/h4>\n<p style=\"text-align: justify;\">Una vez m\u00e1s la caba\u00f1a se ha llenado con las ganas, el entusiasmo y la ilusi\u00f3n con los que han llegado desde lejos mi amiga Yoli y compa\u00f1\u00eda dispuestas a desconectar del mundo para poder conectar con su magia, con la que nos sale de dentro.<\/p>\n<p style=\"text-align: justify;\">Ha sido un bonito encuentro entre amigas donde la mayor pretensi\u00f3n era disfrutar todas juntas de un d\u00eda diferente, y lo han conseguido con creces. Incluso sorprendi\u00e9ndose de lo que casi sin darse cuenta han sido capaces de hacer.<!--more--><\/p>\n<p style=\"text-align: justify;\">A pesar de haber compartido el d\u00eda completo, yo me he quedado con ganas de m\u00e1s. No es de extra\u00f1ar porque cuando uno es capaz de disfrutar de cada peque\u00f1a cosa que est\u00e1 haciendo, de cada peque\u00f1a decisi\u00f3n que toma escuchando lo que tu Yo te va diciendo, el tiempo adquiere otra dimensi\u00f3n. Aun as\u00ed cada una se ha ido feliz con el Hada del Invierno entre sus manos y dispuestas a seguir complet\u00e1ndola y ponerle la varita con los abalorios que compr\u00e9 <span style=\"color: #008080;\"><a style=\"color: #008080;\" href=\"https:\/\/abaloriosymas.wordpress.com\/\">aqu\u00ed<\/a><\/span>.<\/p>\n<p><a href=\"http:\/\/xn--hilanderadesueos-kub.com\/wp-content\/uploads\/2017\/02\/IMG_9883.jpg\"><img decoding=\"async\" loading=\"lazy\" class=\"aligncenter wp-image-1267\" src=\"http:\/\/xn--hilanderadesueos-kub.com\/wp-content\/uploads\/2017\/02\/IMG_9883.jpg\" alt=\"IMG_9883\" width=\"600\" height=\"450\" srcset=\"http:\/\/xn--hilanderadesueos-kub.com\/wp-content\/uploads\/2017\/02\/IMG_9883.jpg 2958w, http:\/\/xn--hilanderadesueos-kub.com\/wp-content\/uploads\/2017\/02\/IMG_9883-300x225.jpg 300w, http:\/\/xn--hilanderadesueos-kub.com\/wp-content\/uploads\/2017\/02\/IMG_9883-768x576.jpg 768w, http:\/\/xn--hilanderadesueos-kub.com\/wp-content\/uploads\/2017\/02\/IMG_9883-1024x769.jpg 1024w, http:\/\/xn--hilanderadesueos-kub.com\/wp-content\/uploads\/2017\/02\/IMG_9883-480x360.jpg 480w, http:\/\/xn--hilanderadesueos-kub.com\/wp-content\/uploads\/2017\/02\/IMG_9883-940x705.jpg 940w\" sizes=\"(max-width: 600px) 100vw, 600px\" \/><\/a><\/p>\n<p>Ha sido muy divertido el juego que hemos hecho con el sentido del tacto, cerrando los ojos para distinguir cu\u00e1l era la esfera de lana que cada una hab\u00eda realizado. \u00a0Cada esfera era diferente a las dem\u00e1s, como todas nosotras.<\/p>\n<p style=\"text-align: justify;\">Hemos cantado, hemos comido y hemos dejado expresar todas nuestras emociones. La Caba\u00f1a de las Hadas es un lugar donde acogemos y le damos cabida a todo lo que somos.<\/p>\n<p style=\"text-align: justify;\"><a href=\"http:\/\/xn--hilanderadesueos-kub.com\/wp-content\/uploads\/2017\/02\/IMG_9875.jpg\"><img decoding=\"async\" loading=\"lazy\" class=\"aligncenter wp-image-1265\" src=\"http:\/\/xn--hilanderadesueos-kub.com\/wp-content\/uploads\/2017\/02\/IMG_9875.jpg\" alt=\"IMG_9875\" width=\"600\" height=\"438\" srcset=\"http:\/\/xn--hilanderadesueos-kub.com\/wp-content\/uploads\/2017\/02\/IMG_9875.jpg 2794w, http:\/\/xn--hilanderadesueos-kub.com\/wp-content\/uploads\/2017\/02\/IMG_9875-300x219.jpg 300w, http:\/\/xn--hilanderadesueos-kub.com\/wp-content\/uploads\/2017\/02\/IMG_9875-768x561.jpg 768w, http:\/\/xn--hilanderadesueos-kub.com\/wp-content\/uploads\/2017\/02\/IMG_9875-1024x748.jpg 1024w, http:\/\/xn--hilanderadesueos-kub.com\/wp-content\/uploads\/2017\/02\/IMG_9875-940x686.jpg 940w\" sizes=\"(max-width: 600px) 100vw, 600px\" \/><\/a><\/p>\n<p style=\"text-align: center;\"><span style=\"color: #808000;\"><em>\u00abQuiero compartir con vosotros algo muy especial, que posiblemente no lo pueda entender nada m\u00e1s el que lo viva\u00bb <\/em><\/span><\/p>\n<p style=\"text-align: justify;\">Desde que he empezado a tener encuentros en la caba\u00f1a, mi manera de estar presente en las creaciones de los dem\u00e1s es diferente. Antes, cuando quedaba en alg\u00fan encuentro creativo, yo estaba centrada en mi propia creaci\u00f3n o quiz\u00e1s ayudando al que lo necesitase, pero ahora es distinto. Aunque intente estar haciendo a la vez que los dem\u00e1s alg\u00fan Hada, alg\u00fan Gnomo o alguna creaci\u00f3n propia, no podr\u00eda porque mi proceso creativo est\u00e1 muy ocupado acompa\u00f1ando a las dem\u00e1s. Y lo m\u00e1s curioso es que cuando se marchan y se lleva cada una lo que ha estado creando con sus propias manos yo siento que me falta algo, porque un trocito de mi se ha ido con cada una de esas creaciones y mi cabeza sigue pensando en cada una de ellas. Son como peque\u00f1as criaturas que van naciendo pero tienen que marchar. Lo bonito es que s\u00e9 que en el sitio\u00a0al que vayan van a ser muy queridas y cuidadas.<\/p>\n<p style=\"text-align: justify;\">Muchas gracias Yoli, Gema, Silvia y Loli por venir hasta aqu\u00ed y calentar como hab\u00e9is hecho el lugar. Y por supuesto al Chef, que siempre est\u00e1 presente y pendiente de nosotras a\u00fan sin estar. Me he sentido como en casa con vosotras \ud83d\ude42<\/p>\n<h4 style=\"text-align: center;\"><span style=\"color: #008080;\">DIY Borla de Lana<\/span><\/h4>\n<p style=\"text-align: justify;\">A continuaci\u00f3n os dejo un paso a paso para hacer de una manera muy sencilla borlas con Fieltro de Lana para adornar por ejemplo vuestra hada del invierno. Os dejo foto para que ve\u00e1is la diferencia entre Fieltro en Seco y Fieltro en H\u00famedo. La primera bola de lana est\u00e1 afieltrada en seco con aguja y la segunda sujetando los flecos tambi\u00e9n con aguja pero con una tira de lana blanca y la bola que despu\u00e9s he ensarto est\u00e1 realizada con la t\u00e9cnica de Fieltro en H\u00famedo. Espero que os guste.<\/p>\n<p>&nbsp;<\/p>\n<p>&nbsp;<\/p>\n<h5 style=\"text-align: center;\"><span style=\"text-decoration: underline;\"><span style=\"color: #333333; text-decoration: underline;\"><img decoding=\"async\" loading=\"lazy\" class=\"aligncenter wp-image-1273\" src=\"http:\/\/xn--hilanderadesueos-kub.com\/wp-content\/uploads\/2017\/02\/IMG_9809.jpg\" alt=\"IMG_9809\" width=\"500\" height=\"375\" srcset=\"http:\/\/xn--hilanderadesueos-kub.com\/wp-content\/uploads\/2017\/02\/IMG_9809.jpg 3264w, http:\/\/xn--hilanderadesueos-kub.com\/wp-content\/uploads\/2017\/02\/IMG_9809-300x225.jpg 300w, http:\/\/xn--hilanderadesueos-kub.com\/wp-content\/uploads\/2017\/02\/IMG_9809-768x576.jpg 768w, http:\/\/xn--hilanderadesueos-kub.com\/wp-content\/uploads\/2017\/02\/IMG_9809-1024x768.jpg 1024w, http:\/\/xn--hilanderadesueos-kub.com\/wp-content\/uploads\/2017\/02\/IMG_9809-480x360.jpg 480w, http:\/\/xn--hilanderadesueos-kub.com\/wp-content\/uploads\/2017\/02\/IMG_9809-940x705.jpg 940w\" sizes=\"(max-width: 500px) 100vw, 500px\" \/><\/span><\/span><\/h5>\n<h5 style=\"text-align: center;\"><span style=\"text-decoration: underline;\">Materiales<\/span><\/h5>\n<ul>\n<li>Rect\u00e1ngulo Fieltro de lana gris de 5x 7 cm.<\/li>\n<li>Tira de fieltro de lana blanca de 1&#215;4 cm de otro color.<\/li>\n<li>Bola de Fieltro<\/li>\n<li>Abalorios<\/li>\n<li>1 Cascabel<\/li>\n<li>Cordel, aguja de fieltro y tijeras.<\/li>\n<\/ul>\n<p><img decoding=\"async\" loading=\"lazy\" class=\"aligncenter wp-image-1268\" src=\"http:\/\/xn--hilanderadesueos-kub.com\/wp-content\/uploads\/2017\/02\/IMG_9887.jpg\" alt=\"IMG_9887\" width=\"500\" height=\"500\" srcset=\"http:\/\/xn--hilanderadesueos-kub.com\/wp-content\/uploads\/2017\/02\/IMG_9887.jpg 1024w, http:\/\/xn--hilanderadesueos-kub.com\/wp-content\/uploads\/2017\/02\/IMG_9887-150x150.jpg 150w, http:\/\/xn--hilanderadesueos-kub.com\/wp-content\/uploads\/2017\/02\/IMG_9887-300x300.jpg 300w, http:\/\/xn--hilanderadesueos-kub.com\/wp-content\/uploads\/2017\/02\/IMG_9887-768x768.jpg 768w, http:\/\/xn--hilanderadesueos-kub.com\/wp-content\/uploads\/2017\/02\/IMG_9887-940x940.jpg 940w, http:\/\/xn--hilanderadesueos-kub.com\/wp-content\/uploads\/2017\/02\/IMG_9887-80x80.jpg 80w\" sizes=\"(max-width: 500px) 100vw, 500px\" \/><\/p>\n<h5 style=\"text-align: center;\"><span style=\"text-decoration: underline;\"><span style=\"color: #333333; text-decoration: underline;\">Paso a Paso<\/span><\/span><\/h5>\n<ul>\n<li style=\"text-align: justify;\">1.- Hacer cortes en el fieltro en tiras muy finas sin llegar al final.<\/li>\n<li style=\"text-align: justify;\">2.- Ir enrollando a medida que lo vas fijando con la aguja.<\/li>\n<li style=\"text-align: justify;\">3.- Enrollar la parte de arriba de los flecos con la tira fina de fieltro blanco, fij\u00e1ndolo con la aguja tambi\u00e9n y cortando lo que sobre.<\/li>\n<li style=\"text-align: justify;\">4.- Ensartar en un cordel algunos abalorios, a continuaci\u00f3n una bola de lana afieltrada, el pomp\u00f3n y atar un cascabel al final.<\/li>\n<li style=\"text-align: justify;\">Ya est\u00e1 terminada una borla que podr\u00e1s poner en \u00a0el m\u00f3vil de tu hada de invierno o colgarlo de un bolso o en el pomo de alguna puerta.<\/li>\n<\/ul>\n<blockquote>\n<p style=\"text-align: center;\"><em><span style=\"color: #808000;\">\u00abAhora b\u00fascale el mejor sitio para ti\u00bb<\/span><\/em><\/p>\n<\/blockquote>\n<p>Si quieres m\u00e1s puedes ver aqu\u00ed ideas de <span style=\"color: #008080;\"><a style=\"color: #008080;\" href=\"http:\/\/xn--hilanderadesueos-kub.com\/?p=1097\">C\u00f3mo preparar la Mesa de Invierno<\/a><\/span>\u00a0 o alg\u00fan <span style=\"color: #008080;\"><a style=\"color: #008080;\" href=\"http:\/\/xn--hilanderadesueos-kub.com\/?p=1162\">Rey de las Nieves o Princesa del Hielo<\/a><\/span> que preparamos el otro d\u00eda. \u00a0No olvides leer <span style=\"color: #008080;\"><a style=\"color: #008080;\" href=\"http:\/\/xn--hilanderadesueos-kub.com\/?p=526\">Qu\u00e9 es la Mesa de Estaci\u00f3n<\/a><\/span> si no has tenido ocasi\u00f3n de conocerlo a\u00fan.<\/p>\n<h5 style=\"text-align: center;\"><span style=\"color: #993300;\">Cu\u00e9ntanos d\u00f3nde la has puesto t\u00fa, seguro que ya le has encontrado su sitio&#8230;<\/span><\/h5>\n<p>&nbsp;<\/p>\n","protected":false},"excerpt":{"rendered":"<p>Con cada Hada\u00a0se marcha un trocito de mi Una vez m\u00e1s la caba\u00f1a se ha llenado con las ganas, el entusiasmo y la ilusi\u00f3n con los que han llegado desde lejos mi amiga Yoli y compa\u00f1\u00eda dispuestas a desconectar del mundo para poder conectar con su magia, con la que nos sale de dentro. Ha [&hellip;]<\/p>\n","protected":false},"author":3,"featured_media":1264,"comment_status":"open","ping_status":"open","sticky":false,"template":"","format":"standard","meta":[],"categories":[59,80,78,47,48,52,71,58,46,81,63,79],"tags":[],"_links":{"self":[{"href":"http:\/\/hilanderadesue\u00f1os.com\/index.php?rest_route=\/wp\/v2\/posts\/1262"}],"collection":[{"href":"http:\/\/hilanderadesue\u00f1os.com\/index.php?rest_route=\/wp\/v2\/posts"}],"about":[{"href":"http:\/\/hilanderadesue\u00f1os.com\/index.php?rest_route=\/wp\/v2\/types\/post"}],"author":[{"embeddable":true,"href":"http:\/\/hilanderadesue\u00f1os.com\/index.php?rest_route=\/wp\/v2\/users\/3"}],"replies":[{"embeddable":true,"href":"http:\/\/hilanderadesue\u00f1os.com\/index.php?rest_route=%2Fwp%2Fv2%2Fcomments&post=1262"}],"version-history":[{"count":38,"href":"http:\/\/hilanderadesue\u00f1os.com\/index.php?rest_route=\/wp\/v2\/posts\/1262\/revisions"}],"predecessor-version":[{"id":1871,"href":"http:\/\/hilanderadesue\u00f1os.com\/index.php?rest_route=\/wp\/v2\/posts\/1262\/revisions\/1871"}],"wp:featuredmedia":[{"embeddable":true,"href":"http:\/\/hilanderadesue\u00f1os.com\/index.php?rest_route=\/wp\/v2\/media\/1264"}],"wp:attachment":[{"href":"http:\/\/hilanderadesue\u00f1os.com\/index.php?rest_route=%2Fwp%2Fv2%2Fmedia&parent=1262"}],"wp:term":[{"taxonomy":"category","embeddable":true,"href":"http:\/\/hilanderadesue\u00f1os.com\/index.php?rest_route=%2Fwp%2Fv2%2Fcategories&post=1262"},{"taxonomy":"post_tag","embeddable":true,"href":"http:\/\/hilanderadesue\u00f1os.com\/index.php?rest_route=%2Fwp%2Fv2%2Ftags&post=1262"}],"curies":[{"name":"wp","href":"https:\/\/api.w.org\/{rel}","templated":true}]}}