{"id":1368,"date":"2017-02-28T13:55:15","date_gmt":"2017-02-28T13:55:15","guid":{"rendered":"http:\/\/hilanderadesue\u00f1os.com\/?p=1368"},"modified":"2017-12-22T06:33:54","modified_gmt":"2017-12-22T06:33:54","slug":"adios-invierno","status":"publish","type":"post","link":"http:\/\/hilanderadesue\u00f1os.com\/?p=1368","title":{"rendered":"\u00a1Adios Invierno, Adios!"},"content":{"rendered":"<h4 style=\"text-align: center;\"><a href=\"http:\/\/hilanderadesue\u00f1os.com\/?p=1368\"><span style=\"color: #993300;\">Despedir al Invierno antes de recibir la Primavera<\/span><\/a><\/h4>\n<p style=\"text-align: justify;\">Parece que llegadas estas fechas\u00a0ya empezamos a ponernos un poco ansiosos para recibir la Primavera. Es normal, cualidades de la primavera, se empiezan a despertar en nosotros tambi\u00e9n y empieza a entrarnos el gusanillo, de querer desperezarnos de este largo letargo vivido durante el invierno. Pero \u00a1ojo!, no nos apresuremos que el fr\u00edo a\u00fan no se ha marchado y todav\u00eda le quedan unas semanitas para decir sus \u00faltimas palabras.<\/p>\n<p style=\"text-align: justify;\">Ya recibiremos a la primavera como se merece, pero ahora es momento de compartir con todos vosotros la gran labor que est\u00e1 haciendo la Madrecita del Deshielo.<!--more--><\/p>\n<p style=\"text-align: justify;\"><a href=\"http:\/\/xn--hilanderadesueos-kub.com\/wp-content\/uploads\/2017\/02\/image3.jpg\"><img decoding=\"async\" loading=\"lazy\" class=\"aligncenter wp-image-1370\" src=\"http:\/\/xn--hilanderadesueos-kub.com\/wp-content\/uploads\/2017\/02\/image3.jpg\" alt=\"image3\" width=\"500\" height=\"667\" srcset=\"http:\/\/xn--hilanderadesueos-kub.com\/wp-content\/uploads\/2017\/02\/image3.jpg 2448w, http:\/\/xn--hilanderadesueos-kub.com\/wp-content\/uploads\/2017\/02\/image3-225x300.jpg 225w, http:\/\/xn--hilanderadesueos-kub.com\/wp-content\/uploads\/2017\/02\/image3-768x1024.jpg 768w, http:\/\/xn--hilanderadesueos-kub.com\/wp-content\/uploads\/2017\/02\/image3-940x1253.jpg 940w\" sizes=\"(max-width: 500px) 100vw, 500px\" \/><\/a><\/p>\n<p style=\"text-align: justify;\">A mi mesa ya ha llegado, abrigada con su gorro y capa y cargada con una preciosa escoba y un gran pa\u00f1uelo porque no para de estornudar. Ha llegado con muchas ganas de retirar toda la nieve que encuentra a su paso, porque bajo la tierra ya se est\u00e1 empezando a escuchar el movimiento de los ni\u00f1os ra\u00edces que est\u00e1n deseando asomar sus cabecitas y ense\u00f1arnos las flores que cada uno traer\u00e1.<\/p>\n<p style=\"text-align: justify;\"><a href=\"http:\/\/xn--hilanderadesueos-kub.com\/wp-content\/uploads\/2017\/02\/image1.jpg\"><img decoding=\"async\" loading=\"lazy\" class=\"alignleft wp-image-1372 size-medium\" src=\"http:\/\/xn--hilanderadesueos-kub.com\/wp-content\/uploads\/2017\/02\/image1-300x225.jpg\" alt=\"image1\" width=\"300\" height=\"225\" srcset=\"http:\/\/xn--hilanderadesueos-kub.com\/wp-content\/uploads\/2017\/02\/image1-300x225.jpg 300w, http:\/\/xn--hilanderadesueos-kub.com\/wp-content\/uploads\/2017\/02\/image1-768x576.jpg 768w, http:\/\/xn--hilanderadesueos-kub.com\/wp-content\/uploads\/2017\/02\/image1-1024x768.jpg 1024w, http:\/\/xn--hilanderadesueos-kub.com\/wp-content\/uploads\/2017\/02\/image1-480x360.jpg 480w, http:\/\/xn--hilanderadesueos-kub.com\/wp-content\/uploads\/2017\/02\/image1-940x705.jpg 940w\" sizes=\"(max-width: 300px) 100vw, 300px\" \/><\/a>Pero para ello el Sr. Escarcha tiene que dejarla barrer todo y parece que no est\u00e1 muy dispuesto a que haga tranquila su labor. En cuanto la ve asomar, empieza a lanzarle unos g\u00e9lidos soplidos que a la Madrecita del Deshielo le dificulta mucho su labor. Pero es tan solo cuesti\u00f3n de tiempo, porque en poco tiempo empezaremos a escuchar al Hada de la Primavera, que vendr\u00e1 subida en una carroza, tirada por mariposas y nos acompa\u00f1ar\u00e1 durante toda la estaci\u00f3n.<\/p>\n<p style=\"text-align: justify;\">De momento el Rey de las Nieves sabiendo lo que ahora llega ya ha empezado su viaje y parte hacia los polos. Esto ayudar\u00e1 a que en cuanto asomen los primeros rayos de sol, los primeros brotes y las primeras flores empiecen a asomar tambi\u00e9n.<\/p>\n<p style=\"text-align: justify;\">Si quer\u00e9is saber toda la historia de esta Madrecita la puedes encontrar en el cuento \u00abOllie\u00b4s Sky Trip\u00bb. De momento no est\u00e1 traducido al espa\u00f1ol pero os dejo alguna foto para que ve\u00e1is c\u00f3mo recibir\u00e1 al hada de la primavera, que llegar\u00e1 subida a una carroza tirada por mariposas.<\/p>\n<h4 style=\"text-align: center;\"><span style=\"color: #993300;\">\u00bfEmpecemos a Barrer nosotros tambi\u00e9n?<\/span><\/h4>\n<p style=\"text-align: justify;\"><img decoding=\"async\" loading=\"lazy\" class=\"alignright wp-image-1375 size-medium\" src=\"http:\/\/xn--hilanderadesueos-kub.com\/wp-content\/uploads\/2017\/02\/Captura-de-pantalla-2017-02-28-a-las-14.52.25-195x300.png\" alt=\"Captura de pantalla 2017-02-28 a las 14.52.25\" width=\"195\" height=\"300\" srcset=\"http:\/\/xn--hilanderadesueos-kub.com\/wp-content\/uploads\/2017\/02\/Captura-de-pantalla-2017-02-28-a-las-14.52.25-195x300.png 195w, http:\/\/xn--hilanderadesueos-kub.com\/wp-content\/uploads\/2017\/02\/Captura-de-pantalla-2017-02-28-a-las-14.52.25-666x1024.png 666w, http:\/\/xn--hilanderadesueos-kub.com\/wp-content\/uploads\/2017\/02\/Captura-de-pantalla-2017-02-28-a-las-14.52.25.png 687w\" sizes=\"(max-width: 195px) 100vw, 195px\" \/>Y como siempre, lo que pasa en la naturaleza es un reflejo de lo que pasa nosotros mismos, o viceversa, como se quiera ver. Al igual que la Madrecita\u00a0del Deshielo ha venido a barrer todo lo que ya no vale y dejar que florezca lo nuevo, yo en mi casa hago lo mismo.<\/p>\n<p style=\"text-align: justify;\">Por qu\u00e9 no aprovechar el momento y hacemos en nuestras casas un barrido de todo aquello que ya no necesitemos. Es\u00a0el momento perfecto para dar una manita de pintura (antes se encalaban las paredes) y de hacer la gran limpieza de armarios. No te olvides de preparar unos bonitos <span style=\"color: #808000;\">Perfumadores de Fieltro Ecol\u00f3gicos\u00a0<\/span>para tus armarios como estos.<\/p>\n<blockquote><p><span style=\"color: #808000;\">\u00abF\u00edjate c\u00f3mo ahora al pasar por los mismos sitios de siempre, comenzar\u00e1 a cambiar de color y empezar\u00e1n a reverdecer los campos\u00bb<\/span><\/p><\/blockquote>\n<p>&nbsp;<\/p>\n","protected":false},"excerpt":{"rendered":"<p>Despedir al Invierno antes de recibir la Primavera Parece que llegadas estas fechas\u00a0ya empezamos a ponernos un poco ansiosos para recibir la Primavera. Es normal, cualidades de la primavera, se empiezan a despertar en nosotros tambi\u00e9n y empieza a entrarnos el gusanillo, de querer desperezarnos de este largo letargo vivido durante el invierno. Pero \u00a1ojo!, [&hellip;]<\/p>\n","protected":false},"author":3,"featured_media":1371,"comment_status":"open","ping_status":"open","sticky":false,"template":"","format":"standard","meta":[],"categories":[59,65,48,52,71,58,46,81,63,73],"tags":[],"_links":{"self":[{"href":"http:\/\/hilanderadesue\u00f1os.com\/index.php?rest_route=\/wp\/v2\/posts\/1368"}],"collection":[{"href":"http:\/\/hilanderadesue\u00f1os.com\/index.php?rest_route=\/wp\/v2\/posts"}],"about":[{"href":"http:\/\/hilanderadesue\u00f1os.com\/index.php?rest_route=\/wp\/v2\/types\/post"}],"author":[{"embeddable":true,"href":"http:\/\/hilanderadesue\u00f1os.com\/index.php?rest_route=\/wp\/v2\/users\/3"}],"replies":[{"embeddable":true,"href":"http:\/\/hilanderadesue\u00f1os.com\/index.php?rest_route=%2Fwp%2Fv2%2Fcomments&post=1368"}],"version-history":[{"count":15,"href":"http:\/\/hilanderadesue\u00f1os.com\/index.php?rest_route=\/wp\/v2\/posts\/1368\/revisions"}],"predecessor-version":[{"id":1868,"href":"http:\/\/hilanderadesue\u00f1os.com\/index.php?rest_route=\/wp\/v2\/posts\/1368\/revisions\/1868"}],"wp:featuredmedia":[{"embeddable":true,"href":"http:\/\/hilanderadesue\u00f1os.com\/index.php?rest_route=\/wp\/v2\/media\/1371"}],"wp:attachment":[{"href":"http:\/\/hilanderadesue\u00f1os.com\/index.php?rest_route=%2Fwp%2Fv2%2Fmedia&parent=1368"}],"wp:term":[{"taxonomy":"category","embeddable":true,"href":"http:\/\/hilanderadesue\u00f1os.com\/index.php?rest_route=%2Fwp%2Fv2%2Fcategories&post=1368"},{"taxonomy":"post_tag","embeddable":true,"href":"http:\/\/hilanderadesue\u00f1os.com\/index.php?rest_route=%2Fwp%2Fv2%2Ftags&post=1368"}],"curies":[{"name":"wp","href":"https:\/\/api.w.org\/{rel}","templated":true}]}}