{"id":1452,"date":"2017-05-21T22:41:12","date_gmt":"2017-05-21T22:41:12","guid":{"rendered":"http:\/\/hilanderadesue\u00f1os.com\/?p=1452"},"modified":"2017-12-22T06:32:01","modified_gmt":"2017-12-22T06:32:01","slug":"los-ninos-de-las-raices-ya-estan-en-flor","status":"publish","type":"post","link":"http:\/\/hilanderadesue\u00f1os.com\/?p=1452","title":{"rendered":"Los Ni\u00f1os de las Ra\u00edces \u00a1Ya est\u00e1n en flor!"},"content":{"rendered":"<h4 style=\"text-align: center;\"><a href=\"http:\/\/hilanderadesue\u00f1os.com\/?p=1452\"><span style=\"color: #993300;\">\u00a1Mayo Florido!<\/span><\/a><\/h4>\n<p style=\"text-align: justify;\">\u00a1Qui\u00e9n no ha o\u00eddo hablar del mes de las flores! Pero quiz\u00e1s ya no conozcan tanto los Ni\u00f1os de las Ra\u00edces, esos peque\u00f1os seres que habitan el interior de la Tierra, que aunque no los veamos trabajan con diligencia y se preparan para salir a la luz del sol cuando llegue su momento.<\/p>\n<p style=\"text-align: justify;\">Este es el caso de las semillas de muchas plantas que en oto\u00f1o, antes de llegar el fr\u00edo invierno se acurrucan calentitas bajo tierra, al abrigo de las hojas, para dormir a gustito en invierno y cuando afuera, el Padre Sol empiece a asomar sus rayos y vaya calentando el lugar, saldr\u00e1n con fuerza, con ganas y con alegr\u00eda para celebrarlo.<!--more--><\/p>\n<p style=\"text-align: justify;\"><a href=\"http:\/\/xn--hilanderadesueos-kub.com\/wp-content\/uploads\/2017\/05\/IMG_0874.jpg\"><img decoding=\"async\" loading=\"lazy\" class=\"wp-image-1457 aligncenter\" src=\"http:\/\/xn--hilanderadesueos-kub.com\/wp-content\/uploads\/2017\/05\/IMG_0874.jpg\" alt=\"IMG_0874\" width=\"500\" height=\"667\" srcset=\"http:\/\/xn--hilanderadesueos-kub.com\/wp-content\/uploads\/2017\/05\/IMG_0874.jpg 2371w, http:\/\/xn--hilanderadesueos-kub.com\/wp-content\/uploads\/2017\/05\/IMG_0874-225x300.jpg 225w, http:\/\/xn--hilanderadesueos-kub.com\/wp-content\/uploads\/2017\/05\/IMG_0874-768x1024.jpg 768w, http:\/\/xn--hilanderadesueos-kub.com\/wp-content\/uploads\/2017\/05\/IMG_0874-940x1253.jpg 940w\" sizes=\"(max-width: 500px) 100vw, 500px\" \/><\/a><\/p>\n<p>Esta es la llegada de la primavera, momento en que el hada va a llegar y los ni\u00f1os de las ra\u00edces o ni\u00f1os ra\u00edz como gustan llamar algunos, son despertados por la Madre Tierra. Momento en que se ir\u00e1n desperezando, peinando y arreglando, cosiendo sus mejores galas para salir al exterior con su traje de domingo, bueno mejor dicho con su traje de primavera para ir a visitar al hada y ver la luz vestidos de Ni\u00f1os Flor.<\/p>\n<p style=\"text-align: justify;\">Claro que no ser\u00e1n estos los \u00fanicos porque otros ni\u00f1os ra\u00edces, muy hacendosos tambi\u00e9n, pronto empezar\u00e1n a lavar, pintar y peinar a todos los bichitos que junto a las dem\u00e1s flores y plantas ir\u00e1n saliendo en el desfile, uno a uno para participar de esta gran fiesta y explosi\u00f3n que es la primavera.<\/p>\n<p style=\"text-align: justify;\"><a href=\"http:\/\/xn--hilanderadesueos-kub.com\/wp-content\/uploads\/2017\/05\/IMG_0996.jpg\"><img decoding=\"async\" loading=\"lazy\" class=\"wp-image-1454 aligncenter\" src=\"http:\/\/xn--hilanderadesueos-kub.com\/wp-content\/uploads\/2017\/05\/IMG_0996.jpg\" alt=\"IMG_0996\" width=\"500\" height=\"500\" srcset=\"http:\/\/xn--hilanderadesueos-kub.com\/wp-content\/uploads\/2017\/05\/IMG_0996.jpg 2448w, http:\/\/xn--hilanderadesueos-kub.com\/wp-content\/uploads\/2017\/05\/IMG_0996-150x150.jpg 150w, http:\/\/xn--hilanderadesueos-kub.com\/wp-content\/uploads\/2017\/05\/IMG_0996-300x300.jpg 300w, http:\/\/xn--hilanderadesueos-kub.com\/wp-content\/uploads\/2017\/05\/IMG_0996-768x768.jpg 768w, http:\/\/xn--hilanderadesueos-kub.com\/wp-content\/uploads\/2017\/05\/IMG_0996-1024x1024.jpg 1024w, http:\/\/xn--hilanderadesueos-kub.com\/wp-content\/uploads\/2017\/05\/IMG_0996-940x940.jpg 940w, http:\/\/xn--hilanderadesueos-kub.com\/wp-content\/uploads\/2017\/05\/IMG_0996-80x80.jpg 80w\" sizes=\"(max-width: 500px) 100vw, 500px\" \/><\/a><\/p>\n<p style=\"text-align: justify;\">Este bonito cuento ha sido escrito y muy bien plasmado por Sibylle Von Olfers en \u00abLos ni\u00f1os de las ra\u00edces\u00bb donde se muestra la vida bajo Tierra a lo largo de todas las estaciones del a\u00f1o. Libro que a ning\u00fan ni\u00f1o le deber\u00eda faltar. \u00a1C\u00f3mo no he tenido yo este libro antes! Lo puedes encontrar <span style=\"color: #808000;\"><a style=\"color: #808000;\" href=\"https:\/\/www.elolordelalluvia.es\/tienda\/narrativa\/infantil-y-juvenil\/los-ninos-de-las-raices\">aqu\u00ed<\/a><\/span>.<\/p>\n<p style=\"text-align: justify;\">Y este domingo de Mayo, \u00a1oh, no pod\u00eda ser de otro modo!, saldr\u00e1n de paseo todas las lindas flores que ayer hicieron mis amigas en la caba\u00f1a. Preciosas flores de colores, rojas, naranjas, verdes y amarillas listas para salir de paseo con sus narcisos y margaritas o las flores que a cada uno le ha apetecido llevar. Se vistieron de su color favorito y esto fue lo que hicieron mis chicas.<\/p>\n<p style=\"text-align: justify;\"><a href=\"http:\/\/xn--hilanderadesueos-kub.com\/wp-content\/uploads\/2017\/05\/IMG_1132.jpg\"><img decoding=\"async\" loading=\"lazy\" class=\"aligncenter wp-image-1463\" src=\"http:\/\/xn--hilanderadesueos-kub.com\/wp-content\/uploads\/2017\/05\/IMG_1132.jpg\" alt=\"IMG_1132\" width=\"500\" height=\"375\" srcset=\"http:\/\/xn--hilanderadesueos-kub.com\/wp-content\/uploads\/2017\/05\/IMG_1132.jpg 1600w, http:\/\/xn--hilanderadesueos-kub.com\/wp-content\/uploads\/2017\/05\/IMG_1132-300x225.jpg 300w, http:\/\/xn--hilanderadesueos-kub.com\/wp-content\/uploads\/2017\/05\/IMG_1132-768x576.jpg 768w, http:\/\/xn--hilanderadesueos-kub.com\/wp-content\/uploads\/2017\/05\/IMG_1132-1024x768.jpg 1024w, http:\/\/xn--hilanderadesueos-kub.com\/wp-content\/uploads\/2017\/05\/IMG_1132-480x360.jpg 480w, http:\/\/xn--hilanderadesueos-kub.com\/wp-content\/uploads\/2017\/05\/IMG_1132-940x705.jpg 940w\" sizes=\"(max-width: 500px) 100vw, 500px\" \/><\/a><\/p>\n<h5 style=\"text-align: center;\"><\/h5>\n<h4 style=\"text-align: center;\"><span style=\"color: #808000;\">\u00bfNo son maravillosas?<\/span><\/h4>\n<p>&nbsp;<\/p>\n<p><a href=\"http:\/\/xn--hilanderadesueos-kub.com\/wp-content\/uploads\/2017\/05\/IMG_1131.jpg\"><img decoding=\"async\" loading=\"lazy\" class=\"aligncenter wp-image-1462\" src=\"http:\/\/xn--hilanderadesueos-kub.com\/wp-content\/uploads\/2017\/05\/IMG_1131.jpg\" alt=\"IMG_1131\" width=\"500\" height=\"375\" srcset=\"http:\/\/xn--hilanderadesueos-kub.com\/wp-content\/uploads\/2017\/05\/IMG_1131.jpg 1600w, http:\/\/xn--hilanderadesueos-kub.com\/wp-content\/uploads\/2017\/05\/IMG_1131-300x225.jpg 300w, http:\/\/xn--hilanderadesueos-kub.com\/wp-content\/uploads\/2017\/05\/IMG_1131-768x576.jpg 768w, http:\/\/xn--hilanderadesueos-kub.com\/wp-content\/uploads\/2017\/05\/IMG_1131-1024x768.jpg 1024w, http:\/\/xn--hilanderadesueos-kub.com\/wp-content\/uploads\/2017\/05\/IMG_1131-480x360.jpg 480w, http:\/\/xn--hilanderadesueos-kub.com\/wp-content\/uploads\/2017\/05\/IMG_1131-940x705.jpg 940w\" sizes=\"(max-width: 500px) 100vw, 500px\" \/><\/a><\/p>\n<p>Son tan dulces y alegres que no me resist\u00ed a hacerme una foto abrazando a todos antes de que marchasen de all\u00ed. Los ni\u00f1os de las ra\u00edces son como los ciclos de la vida, donde la Madre los cuida, ense\u00f1a y ayuda hasta que llegado el momento de su partida los tiene que dejar ir con alegr\u00eda, alegr\u00eda que comparte ella tambi\u00e9n pero siempre con un poso de pena cuando los tiene que dejar marchar. Aqu\u00ed los espero de vuelta a todos \u00a1Hasta pronto!<\/p>\n<p><a href=\"http:\/\/xn--hilanderadesueos-kub.com\/wp-content\/uploads\/2017\/05\/IMG_1096.jpg\"><img decoding=\"async\" loading=\"lazy\" class=\"aligncenter wp-image-1458 size-medium\" src=\"http:\/\/xn--hilanderadesueos-kub.com\/wp-content\/uploads\/2017\/05\/IMG_1096-300x225.jpg\" alt=\"IMG_1096\" width=\"300\" height=\"225\" srcset=\"http:\/\/xn--hilanderadesueos-kub.com\/wp-content\/uploads\/2017\/05\/IMG_1096-300x225.jpg 300w, http:\/\/xn--hilanderadesueos-kub.com\/wp-content\/uploads\/2017\/05\/IMG_1096-768x576.jpg 768w, http:\/\/xn--hilanderadesueos-kub.com\/wp-content\/uploads\/2017\/05\/IMG_1096-1024x768.jpg 1024w, http:\/\/xn--hilanderadesueos-kub.com\/wp-content\/uploads\/2017\/05\/IMG_1096-480x360.jpg 480w, http:\/\/xn--hilanderadesueos-kub.com\/wp-content\/uploads\/2017\/05\/IMG_1096-940x705.jpg 940w\" sizes=\"(max-width: 300px) 100vw, 300px\" \/><\/a><\/p>\n<p>Aqu\u00ed os dejo algunos de los bonitos y divertidos momentos que pasamos donde no nos falt\u00f3 de nada y donde las tijeras en danza fueron las estrellas por un momento.<\/p>\n<p>\u00a1Mmm! Qu\u00e9 rica la tortilla de espinacas que nos trajo Carmencita y el humus de remolacha y empanada que nos comimos para darnos alg\u00fan que otro capricho.<\/p>\n<p><a href=\"http:\/\/xn--hilanderadesueos-kub.com\/wp-content\/uploads\/2017\/05\/IMG_1101.jpg\"><img decoding=\"async\" loading=\"lazy\" class=\"wp-image-1459 aligncenter\" src=\"http:\/\/xn--hilanderadesueos-kub.com\/wp-content\/uploads\/2017\/05\/IMG_1101.jpg\" alt=\"IMG_1101\" width=\"500\" height=\"375\" srcset=\"http:\/\/xn--hilanderadesueos-kub.com\/wp-content\/uploads\/2017\/05\/IMG_1101.jpg 3264w, http:\/\/xn--hilanderadesueos-kub.com\/wp-content\/uploads\/2017\/05\/IMG_1101-300x225.jpg 300w, http:\/\/xn--hilanderadesueos-kub.com\/wp-content\/uploads\/2017\/05\/IMG_1101-768x576.jpg 768w, http:\/\/xn--hilanderadesueos-kub.com\/wp-content\/uploads\/2017\/05\/IMG_1101-1024x768.jpg 1024w, http:\/\/xn--hilanderadesueos-kub.com\/wp-content\/uploads\/2017\/05\/IMG_1101-480x360.jpg 480w, http:\/\/xn--hilanderadesueos-kub.com\/wp-content\/uploads\/2017\/05\/IMG_1101-940x705.jpg 940w\" sizes=\"(max-width: 500px) 100vw, 500px\" \/><\/a><\/p>\n<h5 style=\"text-align: center;\"><span style=\"color: #993300;\"><span style=\"color: #808000;\">\u00bfQuieres hacer t\u00fa tambi\u00e9n tu Ni\u00f1o en Flor?<\/span> <\/span><\/h5>\n<h5 style=\"text-align: center;\"><span style=\"color: #993300;\">\u00abH\u00e1zmelo saber por aqu\u00ed y en cuanto tengamos ocasi\u00f3n te avisamos\u00bb<\/span><\/h5>\n","protected":false},"excerpt":{"rendered":"<p>\u00a1Mayo Florido! \u00a1Qui\u00e9n no ha o\u00eddo hablar del mes de las flores! Pero quiz\u00e1s ya no conozcan tanto los Ni\u00f1os de las Ra\u00edces, esos peque\u00f1os seres que habitan el interior de la Tierra, que aunque no los veamos trabajan con diligencia y se preparan para salir a la luz del sol cuando llegue su momento. [&hellip;]<\/p>\n","protected":false},"author":3,"featured_media":1455,"comment_status":"open","ping_status":"open","sticky":false,"template":"","format":"standard","meta":[],"categories":[59,65,78,47,52,71,46,63,60],"tags":[],"_links":{"self":[{"href":"http:\/\/hilanderadesue\u00f1os.com\/index.php?rest_route=\/wp\/v2\/posts\/1452"}],"collection":[{"href":"http:\/\/hilanderadesue\u00f1os.com\/index.php?rest_route=\/wp\/v2\/posts"}],"about":[{"href":"http:\/\/hilanderadesue\u00f1os.com\/index.php?rest_route=\/wp\/v2\/types\/post"}],"author":[{"embeddable":true,"href":"http:\/\/hilanderadesue\u00f1os.com\/index.php?rest_route=\/wp\/v2\/users\/3"}],"replies":[{"embeddable":true,"href":"http:\/\/hilanderadesue\u00f1os.com\/index.php?rest_route=%2Fwp%2Fv2%2Fcomments&post=1452"}],"version-history":[{"count":18,"href":"http:\/\/hilanderadesue\u00f1os.com\/index.php?rest_route=\/wp\/v2\/posts\/1452\/revisions"}],"predecessor-version":[{"id":1865,"href":"http:\/\/hilanderadesue\u00f1os.com\/index.php?rest_route=\/wp\/v2\/posts\/1452\/revisions\/1865"}],"wp:featuredmedia":[{"embeddable":true,"href":"http:\/\/hilanderadesue\u00f1os.com\/index.php?rest_route=\/wp\/v2\/media\/1455"}],"wp:attachment":[{"href":"http:\/\/hilanderadesue\u00f1os.com\/index.php?rest_route=%2Fwp%2Fv2%2Fmedia&parent=1452"}],"wp:term":[{"taxonomy":"category","embeddable":true,"href":"http:\/\/hilanderadesue\u00f1os.com\/index.php?rest_route=%2Fwp%2Fv2%2Fcategories&post=1452"},{"taxonomy":"post_tag","embeddable":true,"href":"http:\/\/hilanderadesue\u00f1os.com\/index.php?rest_route=%2Fwp%2Fv2%2Ftags&post=1452"}],"curies":[{"name":"wp","href":"https:\/\/api.w.org\/{rel}","templated":true}]}}