{"id":1582,"date":"2017-06-21T13:28:44","date_gmt":"2017-06-21T13:28:44","guid":{"rendered":"http:\/\/hilanderadesue\u00f1os.com\/?p=1582"},"modified":"2017-12-22T06:29:40","modified_gmt":"2017-12-22T06:29:40","slug":"los-hombres-tambien-tejen","status":"publish","type":"post","link":"http:\/\/hilanderadesue\u00f1os.com\/?p=1582","title":{"rendered":"Los Hombres Tambi\u00e9n Tejen"},"content":{"rendered":"<h4 class=\"p1\" style=\"text-align: center;\"><a href=\"http:\/\/hilanderadesue\u00f1os.com\/?p=1582\"><span class=\"s1\" style=\"color: #993300;\">ROMPIENDO ESTEREOTIPOS<\/span><\/a><\/h4>\n<p class=\"p1\" style=\"text-align: justify;\"><span class=\"s1\">Esta semana he tenido la suerte y la ocasi\u00f3n de asistir a un encuentro y a una conferencia que hab\u00eda organizado Marcos Rubio, tejedor espa\u00f1ol en compa\u00f1\u00eda de otros para hablar sobre algo que empieza a levantar la voz y a ser escuchado, el deseo de muchos hombres que a lo largo y ancho de todo el mundo reivindican su deseo de hilar y tejer sin por ello \u00a0ser juzgados.\u00a0<\/span><\/p>\n<p class=\"p1\" style=\"text-align: justify;\"><span class=\"s1\">Un conjunto de hombres que aportan su granito de arena para ir rompiendo estereotipos.\u00a0<\/span><\/p>\n<p class=\"p1\" style=\"text-align: justify;\"><span class=\"s1\">All\u00ed estuvo el periodista Ricardo Higuera, fundador de <span style=\"color: #808000;\"><a style=\"color: #808000;\" href=\"https:\/\/m.facebook.com\/hombrestejedores\/?tsid=0.07641826642037541\">Hombres Tejedores<\/a><\/span> \u00a0quienes promueven un mundo textil, m\u00e1s inclusivo y robusto que se pueda construir con la presencia de hombres y mujeres sin distinci\u00f3n.\u00a0\u00a0<\/span><!--more--><\/p>\n<p class=\"p1\"><a href=\"http:\/\/xn--hilanderadesueos-kub.com\/wp-content\/uploads\/2017\/06\/Hombres-Tejedores.jpg\"><img decoding=\"async\" loading=\"lazy\" class=\"aligncenter wp-image-1580\" src=\"http:\/\/xn--hilanderadesueos-kub.com\/wp-content\/uploads\/2017\/06\/Hombres-Tejedores.jpg\" alt=\"Hombres Tejedores\" width=\"500\" height=\"212\" srcset=\"http:\/\/xn--hilanderadesueos-kub.com\/wp-content\/uploads\/2017\/06\/Hombres-Tejedores.jpg 650w, http:\/\/xn--hilanderadesueos-kub.com\/wp-content\/uploads\/2017\/06\/Hombres-Tejedores-300x127.jpg 300w\" sizes=\"(max-width: 500px) 100vw, 500px\" \/><\/a><\/p>\n<p class=\"p1\"><span class=\"s1\">Tambi\u00e9n estuvo el dise\u00f1ador <span style=\"color: #808000;\"><a style=\"color: #808000;\" href=\"https:\/\/m.youtube.com\/channel\/UC7MO87m4BnO1Wvm1bD3sH8A\">Emil<\/a><\/span>, un artistas con sus manos que en este encuentro fue a compartir con los dem\u00e1s lo que sab\u00eda.\u00a0<\/span><\/p>\n<p class=\"p1\" style=\"text-align: justify;\"><span class=\"s1\">Llegu\u00e9 a ese encuentro lo antes que pude y a pesar de no llegar a la primera parte pude apreciar la fuerza con la que algunos hombres se empiezan a mover y esto no ha hecho m\u00e1s que empezar.\u00a0<\/span><\/p>\n<p class=\"p1\" style=\"text-align: justify;\"><span class=\"s1\">Contaron las dificultades a las que ellos en algunas partes del mundo se tienen que enfrentar, incluso vi\u00e9ndose obligados a tejer de noche o a escondidas.\u00a0<\/span><\/p>\n<p class=\"p1\" style=\"text-align: justify;\"><span class=\"s1\">En mi infancia, sin embargo no fue eso lo que yo viv\u00ed, cuando en los 80&#8217;s mi profesor Don Virgilio se tom\u00f3 la licencia de ense\u00f1arnos a todos, ni\u00f1os y ni\u00f1as a tejer con agujas. No olvidar\u00e9 nunca el jersey que me hice de color rosa y blanco con cuadritos.\u00a0<\/span><\/p>\n<h4 class=\"p1\" style=\"text-align: center;\"><span style=\"color: #993300;\">Los Ni\u00f1os en las Escuelas Waldorf Aprenden a Tejer Tambi\u00e9n<\/span><\/h4>\n<p class=\"p1\" style=\"text-align: justify;\"><span class=\"s1\">Y no fue el \u00fanico que lo hizo, en las <em><strong>Escuelas Waldorf<\/strong><\/em>, aprender a tejer y trabajar la lana es tan importante que desde los 5 a\u00f1os empiezan a tejer en telar lo que ser\u00e1 su primer estuche al empezar primaria.\u00a0<\/span><\/p>\n<p class=\"p1\" style=\"text-align: justify;\"><span class=\"s1\">Pero no se queda ah\u00ed la cosa, muy poco a poco y casi sin darse cuenta los ni\u00f1os ya han empezado a tejer cuando siguiendo las historias que les cuentan empiezan a pescar peces. Sin darse cuenta ha empezado a hacer crochet o ganchillo con sus deditos para crear las primeros caracolillos de colores hechos con cadeneta.\u00a0<\/span><\/p>\n<p class=\"p1\" style=\"text-align: justify;\"><span class=\"s1\">Continuar\u00e1n aprendiendo durante toda la primaria, ni\u00f1os y ni\u00f1as, maestras y maestros dispuestos a acompa\u00f1arles dej\u00e1ndoles ser lo que son en libertad.\u00a0<\/span><\/p>\n<p class=\"p1\" style=\"text-align: justify;\"><span class=\"s1\">Para quien quiera conocerlo m\u00e1s a fondo os contar\u00e9 aqu\u00ed c\u00f3mo lo hacen.<\/span><\/p>\n<h4 class=\"p1\" style=\"text-align: center;\"><em><span class=\"s1\" style=\"color: #808000;\">\u00bfRecuerdas c\u00f3mo aprendiste a tejer, hacer punto, ganchillo o telar? Cu\u00e9ntanoslo<\/span><\/em><\/h4>\n","protected":false},"excerpt":{"rendered":"<p>ROMPIENDO ESTEREOTIPOS Esta semana he tenido la suerte y la ocasi\u00f3n de asistir a un encuentro y a una conferencia que hab\u00eda organizado Marcos Rubio, tejedor espa\u00f1ol en compa\u00f1\u00eda de otros para hablar sobre algo que empieza a levantar la voz y a ser escuchado, el deseo de muchos hombres que a lo largo y [&hellip;]<\/p>\n","protected":false},"author":3,"featured_media":1584,"comment_status":"open","ping_status":"open","sticky":false,"template":"","format":"standard","meta":[],"categories":[59,78,47,48,46,60,62],"tags":[],"_links":{"self":[{"href":"http:\/\/hilanderadesue\u00f1os.com\/index.php?rest_route=\/wp\/v2\/posts\/1582"}],"collection":[{"href":"http:\/\/hilanderadesue\u00f1os.com\/index.php?rest_route=\/wp\/v2\/posts"}],"about":[{"href":"http:\/\/hilanderadesue\u00f1os.com\/index.php?rest_route=\/wp\/v2\/types\/post"}],"author":[{"embeddable":true,"href":"http:\/\/hilanderadesue\u00f1os.com\/index.php?rest_route=\/wp\/v2\/users\/3"}],"replies":[{"embeddable":true,"href":"http:\/\/hilanderadesue\u00f1os.com\/index.php?rest_route=%2Fwp%2Fv2%2Fcomments&post=1582"}],"version-history":[{"count":11,"href":"http:\/\/hilanderadesue\u00f1os.com\/index.php?rest_route=\/wp\/v2\/posts\/1582\/revisions"}],"predecessor-version":[{"id":1862,"href":"http:\/\/hilanderadesue\u00f1os.com\/index.php?rest_route=\/wp\/v2\/posts\/1582\/revisions\/1862"}],"wp:featuredmedia":[{"embeddable":true,"href":"http:\/\/hilanderadesue\u00f1os.com\/index.php?rest_route=\/wp\/v2\/media\/1584"}],"wp:attachment":[{"href":"http:\/\/hilanderadesue\u00f1os.com\/index.php?rest_route=%2Fwp%2Fv2%2Fmedia&parent=1582"}],"wp:term":[{"taxonomy":"category","embeddable":true,"href":"http:\/\/hilanderadesue\u00f1os.com\/index.php?rest_route=%2Fwp%2Fv2%2Fcategories&post=1582"},{"taxonomy":"post_tag","embeddable":true,"href":"http:\/\/hilanderadesue\u00f1os.com\/index.php?rest_route=%2Fwp%2Fv2%2Ftags&post=1582"}],"curies":[{"name":"wp","href":"https:\/\/api.w.org\/{rel}","templated":true}]}}