{"id":1806,"date":"2017-12-22T06:02:11","date_gmt":"2017-12-22T06:02:11","guid":{"rendered":"http:\/\/hilanderadesue\u00f1os.com\/?p=1806"},"modified":"2017-12-22T06:58:32","modified_gmt":"2017-12-22T06:58:32","slug":"la-cultura-de-la-lana","status":"publish","type":"post","link":"http:\/\/hilanderadesue\u00f1os.com\/?p=1806","title":{"rendered":"La Cultura de la Lana"},"content":{"rendered":"<h3 style=\"text-align: center;\"><a href=\"http:\/\/hilanderadesue\u00f1os.com\/?p=1806\"><span style=\"color: #993300;\">Pasado, Presente y Futuro<\/span><\/a><\/h3>\n<h4 style=\"text-align: center;\"><span style=\"color: #808000;\">Nuestra Lana en el Pasado<\/span><\/h4>\n<p>Hoy os cuento dos en uno, cada uno con su enencia a cual m\u00e1s bonito y mejor. Diferentes pero iguales representan las dos caras de una misma moneda, el pasado y el futuro de algo tan esencial como la cultura de la lana.<!--more--><\/p>\n<p><a href=\"http:\/\/xn--hilanderadesueos-kub.com\/wp-content\/uploads\/2017\/12\/IMG_3024.jpg\"><img decoding=\"async\" loading=\"lazy\" class=\"aligncenter wp-image-1813\" src=\"http:\/\/xn--hilanderadesueos-kub.com\/wp-content\/uploads\/2017\/12\/IMG_3024-1024x768.jpg\" alt=\"IMG_3024\" width=\"500\" height=\"375\" srcset=\"http:\/\/xn--hilanderadesueos-kub.com\/wp-content\/uploads\/2017\/12\/IMG_3024-1024x768.jpg 1024w, http:\/\/xn--hilanderadesueos-kub.com\/wp-content\/uploads\/2017\/12\/IMG_3024-300x225.jpg 300w, http:\/\/xn--hilanderadesueos-kub.com\/wp-content\/uploads\/2017\/12\/IMG_3024-768x576.jpg 768w, http:\/\/xn--hilanderadesueos-kub.com\/wp-content\/uploads\/2017\/12\/IMG_3024-480x360.jpg 480w, http:\/\/xn--hilanderadesueos-kub.com\/wp-content\/uploads\/2017\/12\/IMG_3024-940x705.jpg 940w\" sizes=\"(max-width: 500px) 100vw, 500px\" \/><\/a><\/p>\n<p style=\"text-align: center;\"><span style=\"color: #993300;\"><em>Viaje al Pasado en Los Montes de Toledo<\/em><\/span><\/p>\n<p>En efecto, eso fue lo que hicimos en Pueblonuevo de Bullaque, una aldeita de Ciudad Real a la que nos invitaron para conocerles y que nos contasen c\u00f3mo han vivido ellos la cultura de la lana en los montes de Toledo y tambi\u00e9n ense\u00f1arles lo que he conocido yo en busca de otras hilanderas por el mundo y hacerles una demostraci\u00f3n de hilado.<\/p>\n<p>Lo primero que me lleg\u00f3 al alma nada m\u00e1s llegar, fue ver a un matrimonio mayor, muy mayor, esperando en la calle una hora antes de empezar. Apoyada ella en su andador y que despu\u00e9s de mucho tiempo sin salir, ayudada por su marido, antiguo pastor, no se lo quisieron perder.<\/p>\n<p>En breve empezaron a llegar los dem\u00e1s y en un momento su salita se llen\u00f3 de gente contando su historia, su contacto con la cultura de la lana, su cultura. Experiencias cuidando ovejas, lavando lana en el r\u00edo o jugando a hilar cuando eran peque\u00f1os, tanto ellos como ellas por igual.<\/p>\n<p>Ohhh! Y como no pod\u00edan faltar, las historias que cada uno de ellos lleva en la memoria de su retina sobre el colch\u00f3n de lana que a nadie deja indiferente. Cada uno de ellos, a trav\u00e9s decese colch\u00f3n tiene algo que contar.<\/p>\n<p>Yo por mi parte lo que pude mostrarles es la parte m\u00e1s creativa de la lana y el fieltro elaborado con ella. Hilamos con huso y rueca, cardamos, vieron y tocaron fibras que nunca antes hab\u00edan visto, como seda, alpaca, camello o fibra de rosal.<\/p>\n<p>La noche se nos ech\u00f3 encima y como un pollito que se queda con la boca abierta con ganas de que su mam\u00e1 les diese m\u00e1s, as\u00ed se quedaron ellos despu\u00e9s de terminar, sin ganas de marchar, con ganas de m\u00e1s.<\/p>\n<p>Recogimos nuestros b\u00e1rtulos y nos volvimos saboreando lo vivido en aquel bonito encuentro, que como siempre que lo hacemos nos volvemos con el coraz\u00f3n lleno y como Reyes Magos, con ganas de seguir repartiendo y dando m\u00e1s a los dem\u00e1s.<\/p>\n<h4 style=\"text-align: center;\"><span style=\"color: #808000;\">Hilanderas del futuro<\/span><\/h4>\n<p>\u00bfPero ya no existen hilanderas? Para nada, claro que hay, por todo el mundo, aunque aqu\u00ed en Espa\u00f1a m\u00e1s dif\u00edciles de encontrar.<\/p>\n<p><a href=\"http:\/\/xn--hilanderadesueos-kub.com\/wp-content\/uploads\/2017\/12\/IMG_3100.jpg\"><img decoding=\"async\" loading=\"lazy\" class=\"aligncenter wp-image-1810\" src=\"http:\/\/xn--hilanderadesueos-kub.com\/wp-content\/uploads\/2017\/12\/IMG_3100-1024x768.jpg\" alt=\"IMG_3100\" width=\"500\" height=\"375\" srcset=\"http:\/\/xn--hilanderadesueos-kub.com\/wp-content\/uploads\/2017\/12\/IMG_3100-1024x768.jpg 1024w, http:\/\/xn--hilanderadesueos-kub.com\/wp-content\/uploads\/2017\/12\/IMG_3100-300x225.jpg 300w, http:\/\/xn--hilanderadesueos-kub.com\/wp-content\/uploads\/2017\/12\/IMG_3100-768x576.jpg 768w, http:\/\/xn--hilanderadesueos-kub.com\/wp-content\/uploads\/2017\/12\/IMG_3100-480x360.jpg 480w, http:\/\/xn--hilanderadesueos-kub.com\/wp-content\/uploads\/2017\/12\/IMG_3100-940x705.jpg 940w\" sizes=\"(max-width: 500px) 100vw, 500px\" \/><\/a><\/p>\n<p style=\"text-align: center;\"><em><span style=\"color: #993300;\">Os presento arriba a\u00a0las Nuevas Hilanderas de Sue\u00f1os:\u00a0<\/span><\/em><span style=\"color: #808000;\"><em><span style=\"color: #993300;\">Elena, Almudena, Carmencita, Isabel, Silvia&#8230;y algunas m\u00e1s que aqu\u00ed no est\u00e1n<\/span><\/em><\/span><\/p>\n<p>Nosotras ya hemos creado nuestro propio grupo de hilanderas para reunimos e hilar. El encuentro de este mes no tuvo desperdicio, prepar\u00e9 una mesa llena de fibras, herramientas, conceptos e ideas para poderse empapar en esta cultura y aunque fue muy denso lo disfrutamos much\u00edsimo, con las manos en la lana y poniendo todo nuestro coraz\u00f3n.<\/p>\n<p>El otro d\u00eda en la radio tambi\u00e9n quisieron conocer a Hilandera de sue\u00f1os y las chicas del filand\u00f3n y las hicieron una entrevista tambi\u00e9n que aqu\u00ed la puedes\u00a0<span style=\"color: #993300;\"><a style=\"color: #993300;\" href=\"http:\/\/hilanderadesue\u00f1os.com\/?p=1782\">escuchar<\/a><\/span>.<\/p>\n<p>Ellas ser\u00e1n ahora las encargadas de dibujar el futuro de la lana, los guardianes de esta tradici\u00f3n y portadoras de esta cultura ancestral, que nos ha calentado y dado abrigo durante tanto tiempo y que como oro tendremos que cuidar.<\/p>\n<p>&nbsp;<\/p>\n<h5 style=\"text-align: center;\"><span style=\"color: #808000;\">\u00a1Si t\u00fa tambi\u00e9n quieres empezar a hilar Sue\u00f1os con nosotras d\u00ednoslo!<\/span><\/h5>\n","protected":false},"excerpt":{"rendered":"<p>Pasado, Presente y Futuro Nuestra Lana en el Pasado Hoy os cuento dos en uno, cada uno con su enencia a cual m\u00e1s bonito y mejor. Diferentes pero iguales representan las dos caras de una misma moneda, el pasado y el futuro de algo tan esencial como la cultura de la lana.<\/p>\n","protected":false},"author":3,"featured_media":1809,"comment_status":"open","ping_status":"open","sticky":false,"template":"","format":"standard","meta":[],"categories":[59,47,57,48,71,50,46],"tags":[],"_links":{"self":[{"href":"http:\/\/hilanderadesue\u00f1os.com\/index.php?rest_route=\/wp\/v2\/posts\/1806"}],"collection":[{"href":"http:\/\/hilanderadesue\u00f1os.com\/index.php?rest_route=\/wp\/v2\/posts"}],"about":[{"href":"http:\/\/hilanderadesue\u00f1os.com\/index.php?rest_route=\/wp\/v2\/types\/post"}],"author":[{"embeddable":true,"href":"http:\/\/hilanderadesue\u00f1os.com\/index.php?rest_route=\/wp\/v2\/users\/3"}],"replies":[{"embeddable":true,"href":"http:\/\/hilanderadesue\u00f1os.com\/index.php?rest_route=%2Fwp%2Fv2%2Fcomments&post=1806"}],"version-history":[{"count":23,"href":"http:\/\/hilanderadesue\u00f1os.com\/index.php?rest_route=\/wp\/v2\/posts\/1806\/revisions"}],"predecessor-version":[{"id":1897,"href":"http:\/\/hilanderadesue\u00f1os.com\/index.php?rest_route=\/wp\/v2\/posts\/1806\/revisions\/1897"}],"wp:featuredmedia":[{"embeddable":true,"href":"http:\/\/hilanderadesue\u00f1os.com\/index.php?rest_route=\/wp\/v2\/media\/1809"}],"wp:attachment":[{"href":"http:\/\/hilanderadesue\u00f1os.com\/index.php?rest_route=%2Fwp%2Fv2%2Fmedia&parent=1806"}],"wp:term":[{"taxonomy":"category","embeddable":true,"href":"http:\/\/hilanderadesue\u00f1os.com\/index.php?rest_route=%2Fwp%2Fv2%2Fcategories&post=1806"},{"taxonomy":"post_tag","embeddable":true,"href":"http:\/\/hilanderadesue\u00f1os.com\/index.php?rest_route=%2Fwp%2Fv2%2Ftags&post=1806"}],"curies":[{"name":"wp","href":"https:\/\/api.w.org\/{rel}","templated":true}]}}