{"id":250,"date":"2016-09-26T17:41:30","date_gmt":"2016-09-26T17:41:30","guid":{"rendered":"http:\/\/rincondeani.com\/?p=250"},"modified":"2017-12-22T06:25:31","modified_gmt":"2017-12-22T06:25:31","slug":"prueba-de-blog","status":"publish","type":"post","link":"http:\/\/hilanderadesue\u00f1os.com\/?p=250","title":{"rendered":"Me presento"},"content":{"rendered":"<h4 style=\"text-align: center;\"><span style=\"color: #993300;\"><a style=\"color: #993300;\" href=\"http:\/\/hilanderadesue\u00f1os.com\/?p=250\">\u00bfQui\u00e9n soy yo?<\/a><\/span><\/h4>\n<p style=\"text-align: left;\">Pues como ya muchos sab\u00e9is y para los que no os lo pod\u00e9is imaginar, yo soy Ani, la creadora de esta aventura que hace tiempo se empez\u00f3 a gestar y poco a poco y casi sin darnos cuenta va cogiendo la forma que ahora mismo empez\u00e1is a ver.<!--more--><\/p>\n<p style=\"text-align: center;\"><em>Personita inquieta y creativa,<\/em><\/p>\n<p style=\"text-align: center;\"><em>con gusto por aprender y ense\u00f1ar,<\/em><\/p>\n<p style=\"text-align: center;\"><em>disfrutona de la vida,\u00a0de lo bello y lo bonito,<\/em><\/p>\n<p style=\"text-align: center;\"><em>de los ni\u00f1os y el jugar,<\/em><\/p>\n<p style=\"text-align: center;\"><em>del entorno y de la gente,<\/em><\/p>\n<p style=\"text-align: center;\"><em>del sentir y del pensar<\/em><\/p>\n<p style=\"text-align: justify;\">Y como lo escrito, todo lo que hago me sale de dentro. Aqu\u00ed estoy para compartirlo con vosotros y para que disfrutemos juntos de esta bonita aventura que es <em>\u00abEl Vivir\u00bb<\/em><\/p>\n<div id=\"attachment_267\" style=\"width: 606px\" class=\"wp-caption aligncenter\"><a href=\"http:\/\/rincondeani.com\/wp-content\/uploads\/2015\/10\/Captura-de-pantalla-2015-10-10-a-las-16.08.35.png\"><img aria-describedby=\"caption-attachment-267\" decoding=\"async\" loading=\"lazy\" class=\"wp-image-267 size-full\" src=\"http:\/\/rincondeani.com\/wp-content\/uploads\/2015\/10\/Captura-de-pantalla-2015-10-10-a-las-16.08.35.png\" alt=\"Captura de pantalla 2015-10-10 a las 16.08.35\" width=\"596\" height=\"612\" srcset=\"http:\/\/xn--hilanderadesueos-kub.com\/wp-content\/uploads\/2015\/10\/Captura-de-pantalla-2015-10-10-a-las-16.08.35.png 596w, http:\/\/xn--hilanderadesueos-kub.com\/wp-content\/uploads\/2015\/10\/Captura-de-pantalla-2015-10-10-a-las-16.08.35-292x300.png 292w\" sizes=\"(max-width: 596px) 100vw, 596px\" \/><\/a><p id=\"caption-attachment-267\" class=\"wp-caption-text\">Agradecimientos<\/p><\/div>\n<h4 style=\"text-align: center;\">\u00abEs de bien nacidos ser agradecidos\u00bb<\/h4>\n<p style=\"text-align: justify;\">Pues s\u00ed yo tambi\u00e9n lo soy y como me lo ense\u00f1aron mis padres yo os lo cuento.<\/p>\n<p style=\"text-align: justify;\">Es por eso \u00a0que antes de entrar en materia quiero dar las gracias a todas las personas que han estado a mi lado, que me han acompa\u00f1ado en esta larga y bonita andadura, en las que me he inspirado y a las que me han ayudado a poder llevarlo a cabo. A todas ellas les doy <strong>\u00a1GRACIAS DE CORAZ\u00d3N!<\/strong><\/p>\n<ul>\n<li style=\"text-align: justify;\"><strong>Gracias J<\/strong> por ser mi bast\u00f3n de apoyo, por ser mis pies y mis manos, \u00a0por escucharme y acompa\u00f1arme en todo momento a\u00fan estando a punto de llegar a la locura.<\/li>\n<li style=\"text-align: justify;\"><strong>Gracias H<\/strong> por ayudarme a resolver cada duda que me surge, que son muchas, a nivel t\u00e9cnico, y que a pesar de mi trayectoria necesito reciclar.<\/li>\n<li style=\"text-align: justify;\"><strong>Gracias Y<\/strong> \u00a0por ser mi alma gemela a la que acudir cuando tengo una duda y siempre encontrar respuesta, por ser mi gu\u00eda, mi maestra&#8230;sobran las palabras.<\/li>\n<li style=\"text-align: justify;\"><strong>Gracias A<\/strong> por haber encontrado en ti un motor de inspiraci\u00f3n, un lazo con el mundo, la idea o palabra exacta en el momento preciso.<\/li>\n<li style=\"text-align: justify;\"><strong>Gracias a los profesionales<\/strong> que han hecho realidad esta bonita caba\u00f1a, siguiendo mis exigencias milim\u00e9tricas para el dise\u00f1o de la misma en todo momento y siempre con una sonrisa.<\/li>\n<li style=\"text-align: justify;\">Y <strong>gracias a todos los que me hab\u00e9is ayudado por el camino, me hab\u00e9is dado vuestra opini\u00f3n<\/strong> y me seguir\u00e9is dando en este bonito y espero que largo caminar.<\/li>\n<\/ul>\n<p style=\"text-align: center;\"><em>\u00abHilandera de Sue\u00f1os\u00a0lleva un poquito de cada uno de Todos Vosotros\u00bb<\/em><\/p>\n","protected":false},"excerpt":{"rendered":"<p>\u00bfQui\u00e9n soy yo? Pues como ya muchos sab\u00e9is y para los que no os lo pod\u00e9is imaginar, yo soy Ani, la creadora de esta aventura que hace tiempo se empez\u00f3 a gestar y poco a poco y casi sin darnos cuenta va cogiendo la forma que ahora mismo empez\u00e1is a ver.<\/p>\n","protected":false},"author":3,"featured_media":171,"comment_status":"open","ping_status":"open","sticky":false,"template":"","format":"standard","meta":[],"categories":[59,57],"tags":[],"_links":{"self":[{"href":"http:\/\/hilanderadesue\u00f1os.com\/index.php?rest_route=\/wp\/v2\/posts\/250"}],"collection":[{"href":"http:\/\/hilanderadesue\u00f1os.com\/index.php?rest_route=\/wp\/v2\/posts"}],"about":[{"href":"http:\/\/hilanderadesue\u00f1os.com\/index.php?rest_route=\/wp\/v2\/types\/post"}],"author":[{"embeddable":true,"href":"http:\/\/hilanderadesue\u00f1os.com\/index.php?rest_route=\/wp\/v2\/users\/3"}],"replies":[{"embeddable":true,"href":"http:\/\/hilanderadesue\u00f1os.com\/index.php?rest_route=%2Fwp%2Fv2%2Fcomments&post=250"}],"version-history":[{"count":19,"href":"http:\/\/hilanderadesue\u00f1os.com\/index.php?rest_route=\/wp\/v2\/posts\/250\/revisions"}],"predecessor-version":[{"id":1853,"href":"http:\/\/hilanderadesue\u00f1os.com\/index.php?rest_route=\/wp\/v2\/posts\/250\/revisions\/1853"}],"wp:featuredmedia":[{"embeddable":true,"href":"http:\/\/hilanderadesue\u00f1os.com\/index.php?rest_route=\/wp\/v2\/media\/171"}],"wp:attachment":[{"href":"http:\/\/hilanderadesue\u00f1os.com\/index.php?rest_route=%2Fwp%2Fv2%2Fmedia&parent=250"}],"wp:term":[{"taxonomy":"category","embeddable":true,"href":"http:\/\/hilanderadesue\u00f1os.com\/index.php?rest_route=%2Fwp%2Fv2%2Fcategories&post=250"},{"taxonomy":"post_tag","embeddable":true,"href":"http:\/\/hilanderadesue\u00f1os.com\/index.php?rest_route=%2Fwp%2Fv2%2Ftags&post=250"}],"curies":[{"name":"wp","href":"https:\/\/api.w.org\/{rel}","templated":true}]}}