{"id":280,"date":"2016-09-27T00:00:17","date_gmt":"2016-09-27T00:00:17","guid":{"rendered":"http:\/\/rincondeani.com\/?p=280"},"modified":"2016-11-02T19:31:50","modified_gmt":"2016-11-02T19:31:50","slug":"proxima-inauguracion-la-cabana-de-las-hadas","status":"publish","type":"post","link":"http:\/\/hilanderadesue\u00f1os.com\/?p=280","title":{"rendered":"Proxima Inauguraci\u00f3n \u00abLa Caba\u00f1a de las Hadas\u00bb"},"content":{"rendered":"<p style=\"text-align: justify;\">La Caba\u00f1a de las Hadas abre sus puertas para recibir y acoger con los brazos abiertos a todos aquellos que con tanta paciencia y tantas ganas estaban esperando este momento.<\/p>\n<p style=\"text-align: justify;\">Y qu\u00e9 mejor manera de hacerlo que como os merec\u00e9is \u00a0con una fiesta de inauguraci\u00f3n que estamos preparando para poder conocer, oler y sentir el lugar.<\/p>\n<p style=\"text-align: justify;\"><!--more-->Quiz\u00e1s no sea lo m\u00e1s habitual pero hemos pensando en la fecha y hemos visto que lo m\u00e1s apetecible es recibiros siguiendo el ritmo de las estaciones del a\u00f1o, y la que ahora nos toca es \u00abEl Oto\u00f1o\u00bb, \u00a0preciosa \u00e9poca que invita al recogimiento y la naturaleza nos regala frutos energ\u00e9ticos deliciosos para cargarnos de fuerza para todo el invierno.<\/p>\n<p style=\"text-align: justify;\">Te esperamos, el pr\u00f3ximo d\u00eda 7 de octubre\u00a0en la Caba\u00f1a. Tenemos preparadas muchas cosas para ti:<\/p>\n<ul>\n<li style=\"text-align: justify;\">Demostraci\u00f3n de Hilado artesanal con Huso y Rueca<\/li>\n<li style=\"text-align: justify;\">Talleres Natura para\u00a0adultos: \u00abFigura de Fieltro con lana cardada\u00bb<\/li>\n<li style=\"text-align: justify;\">Eco-Taller para Ni\u00f1os: \u00abCardando nubes de colores\u00bb<\/li>\n<li style=\"text-align: justify;\">Delicioso c\u00f3ctel de Bienvenida ofrecido por el Chef J.M. con productos de temporada. \u00abMmmm\u00bb<\/li>\n<\/ul>\n","protected":false},"excerpt":{"rendered":"<p>La Caba\u00f1a de las Hadas abre sus puertas para recibir y acoger con los brazos abiertos a todos aquellos que con tanta paciencia y tantas ganas estaban esperando este momento. Y qu\u00e9 mejor manera de hacerlo que como os merec\u00e9is \u00a0con una fiesta de inauguraci\u00f3n que estamos preparando para poder conocer, oler y sentir el [&hellip;]<\/p>\n","protected":false},"author":3,"featured_media":323,"comment_status":"open","ping_status":"open","sticky":false,"template":"","format":"standard","meta":[],"categories":[59,47,48,52,66,50,46,73],"tags":[],"_links":{"self":[{"href":"http:\/\/hilanderadesue\u00f1os.com\/index.php?rest_route=\/wp\/v2\/posts\/280"}],"collection":[{"href":"http:\/\/hilanderadesue\u00f1os.com\/index.php?rest_route=\/wp\/v2\/posts"}],"about":[{"href":"http:\/\/hilanderadesue\u00f1os.com\/index.php?rest_route=\/wp\/v2\/types\/post"}],"author":[{"embeddable":true,"href":"http:\/\/hilanderadesue\u00f1os.com\/index.php?rest_route=\/wp\/v2\/users\/3"}],"replies":[{"embeddable":true,"href":"http:\/\/hilanderadesue\u00f1os.com\/index.php?rest_route=%2Fwp%2Fv2%2Fcomments&post=280"}],"version-history":[{"count":9,"href":"http:\/\/hilanderadesue\u00f1os.com\/index.php?rest_route=\/wp\/v2\/posts\/280\/revisions"}],"predecessor-version":[{"id":431,"href":"http:\/\/hilanderadesue\u00f1os.com\/index.php?rest_route=\/wp\/v2\/posts\/280\/revisions\/431"}],"wp:featuredmedia":[{"embeddable":true,"href":"http:\/\/hilanderadesue\u00f1os.com\/index.php?rest_route=\/wp\/v2\/media\/323"}],"wp:attachment":[{"href":"http:\/\/hilanderadesue\u00f1os.com\/index.php?rest_route=%2Fwp%2Fv2%2Fmedia&parent=280"}],"wp:term":[{"taxonomy":"category","embeddable":true,"href":"http:\/\/hilanderadesue\u00f1os.com\/index.php?rest_route=%2Fwp%2Fv2%2Fcategories&post=280"},{"taxonomy":"post_tag","embeddable":true,"href":"http:\/\/hilanderadesue\u00f1os.com\/index.php?rest_route=%2Fwp%2Fv2%2Ftags&post=280"}],"curies":[{"name":"wp","href":"https:\/\/api.w.org\/{rel}","templated":true}]}}